{"id":2014019,"date":"2025-04-15T03:47:48","date_gmt":"2025-04-15T03:47:48","guid":{"rendered":"https:\/\/lansbox.com\/?p=2014019"},"modified":"2025-08-04T16:51:58","modified_gmt":"2025-08-04T16:51:58","slug":"advent-calendar-religion","status":"publish","type":"post","link":"https:\/\/lansbox.com\/tr\/advent-calendar-religion\/","title":{"rendered":"Advent Takvimi Hangi Dine Aittir?"},"content":{"rendered":"<p>\u0130nsanlar genellikle Advent Takvimi'nin sadece e\u011flenceli, sek\u00fcler bir geri say\u0131m oldu\u011funu d\u00fc\u015f\u00fcn\u00fcr. Bu blog yaz\u0131s\u0131, Katolik uygulamas\u0131ndaki derin k\u00f6klerini g\u00f6stererek kay\u0131tlar\u0131 d\u00fczeltiyor. Advent Takvimi'nin dini arka plan\u0131n\u0131, Katoliklerin Advent sezonu boyunca onu nas\u0131l kulland\u0131klar\u0131n\u0131 ve anlaml\u0131 bir Katolik gelene\u011fi yaratman\u0131n yollar\u0131n\u0131 kapsamaktad\u0131r. Okuyucular, Advent Takvimi'nin k\u00f6kenleri hakk\u0131nda net yan\u0131tlar alacak ve dini g\u00f6zlemleri aile ya\u015fam\u0131na entegre etmeyi \u00f6\u011frenerek e\u011flence ile inanc\u0131 birle\u015ftirme bulmacas\u0131n\u0131 \u00e7\u00f6zeceklerdir.<\/p>\n<h2>Advent Takviminin Dini Arka Plan\u0131<\/h2>\n<p>Ba\u015flang\u0131c\u0131 19. y\u00fczy\u0131l Alman Luthercileri aras\u0131nda olan Advent takvimi, bir\u00e7ok mezhebe ula\u015fan bir H\u0131ristiyan gelene\u011fi haline geldi. Noel'e kadar olan g\u00fcnleri oru\u00e7 tutma ve derin d\u00fc\u015f\u00fcnme zaman\u0131 olarak i\u015faretliyor, kutsal kalbi, aziz Yusuf'u onurland\u0131r\u0131yor ve hatta cennete bir selam g\u00f6nderiyordu. Her bir detay takvimin derin k\u00f6klerini ve basit amac\u0131n\u0131 g\u00f6stermektedir.<\/p>\n<figure><a href=\"https:\/\/lansbox.com\/tr\/custom-printed-boxes\/gift\/advent-calendar\/\"><img decoding=\"async\" src=\"https:\/\/lansbox.com\/wp-content\/uploads\/2025\/04\/1b9097a8-82e3-4e71-8161-c75539cd5a16.webp\" alt=\"Advent Takviminin Dini Arka Plan\u0131\" width=\"100%\" height=\"100%\" \/><\/a><\/figure>\n<p style=\"text-align: center;\"><a href=\"http:\/\/#popmake-904\"><u>LansBox'tan Teklif Al\u0131n<\/u><\/a><\/p>\n<h3>K\u00f6klerin \u0130zini 19. Y\u00fczy\u0131l Alman Luthercilerine Kadar S\u00fcrmek<\/h3>\n<p>Noel takviminin k\u00f6kleri, Noel'e geri say\u0131m\u0131 basit ama derin tutan, oru\u00e7la derin d\u00fc\u015f\u00fcnme anlar\u0131n\u0131 harmanlayan 19. y\u00fczy\u0131l Alman Lutheranlar\u0131na kadar uzanmaktad\u0131r. Bu ilk gelenek, Do\u011fu Ortodoks Kilisesi'nin baz\u0131 b\u00f6l\u00fcmlerinde g\u00f6r\u00fclen uygulamalara benzer \u015fekilde, kurtulu\u015fu ima ederken bile advent \u00e7elengi ve saatlerin ayini gibi unsurlar\u0131 gev\u015fek bir \u015fekilde birbirine ba\u011flad\u0131. G\u00f6zlemciler bu gelenekleri mevsime bilin\u00e7li bir beklenti getirmenin bir yolu olarak g\u00f6rmektedir.<\/p>\n<h3>Uygulama Hristiyan Mezhepleri Aras\u0131nda Nas\u0131l Yay\u0131ld\u0131?<\/h3>\n<p>Gelenek, \u00e7e\u015fitli H\u0131ristiyan gruplar aras\u0131nda sorunsuz bir \u015fekilde ilerledi ve mesaj\u0131n\u0131 kahve i\u00e7erken yap\u0131lan dost\u00e7a bir sohbet gibi yank\u0131lanan ger\u00e7ek\u00e7i bir havayla yayd\u0131. Aralar\u0131nda Jesse ve Shepherd fig\u00fcrlerinin de bulundu\u011fu ilk benimseyenler, bunu aileye odaklanmak i\u00e7in bir ara\u00e7 olarak g\u00f6r\u00fcrken, sezona biraz bayram \u0131\u015f\u0131lt\u0131s\u0131 katarak Noel'e do\u011fru s\u0131cak ve yans\u0131t\u0131c\u0131 bir geri say\u0131m yap\u0131lmas\u0131na yard\u0131mc\u0131 oldular.<\/p>\n<h3>Advent Takviminin Hristiyan Kimli\u011fi<\/h3>\n<p>Bu gelenek, basit bir geri say\u0131m\u0131n g\u00fcnl\u00fck inanc\u0131 nas\u0131l yans\u0131tabilece\u011fini g\u00f6stermekte, gelenekle aile evlili\u011fi duygusunu yumu\u015fak bir Efkaristiya tap\u0131nmas\u0131 havas\u0131yla harmanlamaktad\u0131r. Bir oyunca\u011f\u0131n s\u00fcrprizi gibi patlayan sessiz bir vahyi yans\u0131t\u0131r, Roma'n\u0131n hikayeli ge\u00e7mi\u015fine ince bir selam verir ve ruhani ya\u015famdaki tan\u0131d\u0131k bir ritmi g\u00fc\u00e7lendirir.<\/p>\n<h3>Noel'e Say\u0131l\u0131 G\u00fcnler Kala \u0130lk \u0130\u015faretleme Ama\u00e7lar\u0131<\/h3>\n<p>Bu gelenek, Noel'e giden yolda ger\u00e7ek huzuru in\u015fa etmenin bir yolu olarak ba\u015flam\u0131\u015f ve takip\u00e7ileri her g\u00fcn yava\u015flamaya ve d\u00fc\u015f\u00fcnmeye davet etmi\u015ftir. \u0130nsanlar Gaudete Pazar\u0131 gibi \u00f6zel anlar\u0131 kutlad\u0131lar ve Davut'un kararl\u0131 ba\u011fl\u0131l\u0131\u011f\u0131yla Angelus'u okuyarak her g\u00fcn\u00fc Noel'e do\u011fru k\u00fc\u00e7\u00fck, tatmin edici bir ad\u0131m haline getirdiler. Bu basit uygulama, s\u0131radan insanlar\u0131n yo\u011fun ya\u015famlar\u0131nda bir par\u00e7a huzur bulmalar\u0131n\u0131 sa\u011flad\u0131.<\/p>\n<h2>Katolik Uygulamalar\u0131nda Advent Mevsimi<\/h2>\n<p>Katolik Advent, inanc\u0131 \u015fekillendiren ayinsel uygulamalara odaklan\u0131r. Bu sezon, Luka \u0130ncili ve Rab'bin vaftizi bayram\u0131n\u0131 da i\u00e7eren yap\u0131land\u0131r\u0131lm\u0131\u015f bir geri say\u0131mla inananlar\u0131 Noel'e haz\u0131rlar. Ayr\u0131ca, beklenti, ayin g\u00f6zlemleri ve aile gelenekleri ile evde e\u011fitimin d\u00fc\u015f\u00fcnmeyi te\u015fvik etme yollar\u0131 gibi temel temalar\u0131 vurgular.<\/p>\n<figure><a href=\"https:\/\/lansbox.com\/tr\/custom-printed-boxes\/gift\/advent-calendar\/\"><img decoding=\"async\" src=\"https:\/\/lansbox.com\/wp-content\/uploads\/2025\/04\/264fc4bb-b394-48eb-8c00-7c5313b7c0d5.webp\" alt=\"Katolik Uygulamalar\u0131nda Advent Mevsimi\" width=\"100%\" height=\"100%\" \/><\/a><\/figure>\n<p style=\"text-align: center;\"><a href=\"http:\/\/\/tr\/#popmake-904\"><u>LansBox'tan Teklif Al\u0131n<\/u><\/a><\/p>\n<h3>Advent'in Katolikler i\u00e7in Lit\u00fcrjik \u00d6nemi<\/h3>\n<p>Katolik gelene\u011fi, iyi yerle\u015ftirilmi\u015f bir \u015fiirin sessiz bilgeli\u011finden farkl\u0131 olarak, rit\u00fcel ve g\u00fcnl\u00fck d\u00fc\u015f\u00fcncenin bir kar\u0131\u015f\u0131m\u0131nda kalp at\u0131\u015f\u0131n\u0131 bulur. Bir piskopos cemaatine, perhizden farkl\u0131 olarak, Noel \u00e7elenginin anlam\u0131n\u0131n kanon hukuku i\u00e7inde ince bir cazibeye sahip oldu\u011funu ve inananlara Noel'e samimiyet ve zarafetle haz\u0131rlanmalar\u0131 i\u00e7in nazik bir d\u00fcrtme sundu\u011funu hat\u0131rlatabilir.<\/p>\n<h3>Katolik Advent G\u00f6zlemiyle Noel'e Haz\u0131rlanmak<\/h3>\n<p>Katolik Advent ibadeti, g\u00fcnl\u00fck rit\u00fcelleri s\u0131cak \u00e7ikolata ve i\u00e7ten bir kutsama gibi k\u00fc\u00e7\u00fck zevklerle harmanlayarak Noel'e \u00f6zenli bir \u015fekilde haz\u0131rlanmaya odaklan\u0131rken, Roma missalinin genel talimatlar\u0131n\u0131 onurland\u0131r\u0131r ve Paskalya \u00fc\u00e7lemesine ileriye bakar. Bu g\u00fcnl\u00fck rit\u00fcel, mevsime uyum sa\u011flamak ve g\u00fcndelik hayata rahatl\u0131k ve derin d\u00fc\u015f\u00fcnme getirmek i\u00e7in a\u00e7\u0131k bir yol sunuyor:<\/p>\n<table style=\"border: 1px solid grey; border-collapse: collapse;\">\n<tbody>\n<tr>\n<th style=\"border: 1px solid grey; border-collapse: collapse;\">Etkinlik<\/th>\n<th style=\"border: 1px solid grey; border-collapse: collapse;\">Anahtar Unsur<\/th>\n<th style=\"border: 1px solid grey; border-collapse: collapse;\">Ama\u00e7<\/th>\n<\/tr>\n<tr>\n<td style=\"border: 1px solid grey; border-collapse: collapse;\">G\u00fcnl\u00fck D\u00fc\u015f\u00fcnce<\/td>\n<td style=\"border: 1px solid grey; border-collapse: collapse;\">Roma missalinin genel talimat\u0131<\/td>\n<td style=\"border: 1px solid grey; border-collapse: collapse;\">Dikkatli bir ton belirleyin<\/td>\n<\/tr>\n<tr>\n<td style=\"border: 1px solid grey; border-collapse: collapse;\">Bir \u0130kram\u0131n Tad\u0131n\u0131 \u00c7\u0131karmak<\/td>\n<td style=\"border: 1px solid grey; border-collapse: collapse;\">S\u0131cak \u00e7ikolata &amp; \u00e7ikolata<\/td>\n<td style=\"border: 1px solid grey; border-collapse: collapse;\">S\u0131cak ve rahat konfor<\/td>\n<\/tr>\n<tr>\n<td style=\"border: 1px solid grey; border-collapse: collapse;\">Ruhsal Haz\u0131rl\u0131k<\/td>\n<td style=\"border: 1px solid grey; border-collapse: collapse;\">Kutsama &amp; Paskalya \u00dc\u00e7lemesi<\/td>\n<td style=\"border: 1px solid grey; border-collapse: collapse;\">Noel i\u00e7in beklenti olu\u015fturun<\/td>\n<\/tr>\n<\/tbody>\n<\/table>\n<h3>Katolik Advent D\u00f6nemi S\u0131ras\u0131ndaki Temel Temalar<\/h3>\n<p>Katolik advent d\u00f6nemi, geleneksel uygulamalar\u0131 modern d\u00fc\u015f\u00fcncelerle harmanlayarak sakin ve amaca y\u00f6nelik bir zihniyeti te\u015fvik eden temalar\u0131 \u00f6ne \u00e7\u0131kar\u0131r. Piskoposluk, Birle\u015fik Metodist Kilisesi'nin yank\u0131lar\u0131yla s\u00fcrd\u00fcr\u00fclen rit\u00fcelleri \u00f6ne \u00e7\u0131kar\u0131rken, havari Andrew gibi fig\u00fcrlere yap\u0131lan at\u0131flar ve hatta ilk inanc\u0131n annesine verilen selamlar, son yarg\u0131 hakk\u0131ndaki d\u00fc\u015f\u00fcncelere ilham veriyor:<\/p>\n<ul>\n<li>G\u00fcnl\u00fck rit\u00fceller arac\u0131l\u0131\u011f\u0131yla sessiz d\u00fc\u015f\u00fcnme<\/li>\n<li>Piskoposluk b\u00f6lgesindeki topluluk toplant\u0131lar\u0131<\/li>\n<li>Birle\u015fik Metodist Kilisesi'nden Dinleraras\u0131 Te\u015fvik<\/li>\n<li>Havari Andrew'un yer ald\u0131\u011f\u0131 ruhani hat\u0131rlatmalar<\/li>\n<li>Son yarg\u0131ya tefekk\u00fcrle odaklanma<\/li>\n<\/ul>\n<h3>Katolik Kilisesi'nde Advent Sezonunun S\u00fcresi ve Yap\u0131s\u0131<\/h3>\n<p>Katolik Kilisesi, Advent sezonunu d\u00f6rt haftaya yay\u0131lan net bir yap\u0131yla i\u015faretler; her hafta ruhsal yenilenme i\u00e7in bir vaat ve umut dolu iyi zamanlanm\u0131\u015f bir Noel kart\u0131 gibi d\u00fc\u015f\u00fcnmek i\u00e7in bir an sunar; yakla\u015f\u0131m, her g\u00fcn\u00fcn inananlara ileriye do\u011fru rehberlik eden kutsal ruhun bir notunu ta\u015f\u0131d\u0131\u011f\u0131 \u0130skandinav Noel takvimi kadar d\u00fczenlidir:<\/p>\n<table style=\"border: 1px solid grey; border-collapse: collapse;\">\n<tbody>\n<tr>\n<th style=\"border: 1px solid grey; border-collapse: collapse;\">Element<\/th>\n<th style=\"border: 1px solid grey; border-collapse: collapse;\">\u00d6nem<\/th>\n<\/tr>\n<tr>\n<td style=\"border: 1px solid grey; border-collapse: collapse;\">S\u00f6z veriyorum<\/td>\n<td style=\"border: 1px solid grey; border-collapse: collapse;\">Yeni bir ba\u015flang\u0131ca olan ba\u011fl\u0131l\u0131\u011f\u0131 temsil eder<\/td>\n<\/tr>\n<tr>\n<td style=\"border: 1px solid grey; border-collapse: collapse;\">Noel Kart\u0131<\/td>\n<td style=\"border: 1px solid grey; border-collapse: collapse;\">S\u0131cak umut dilekleri g\u00f6ndermeyi sembolize eder<\/td>\n<\/tr>\n<tr>\n<td style=\"border: 1px solid grey; border-collapse: collapse;\">Umut<\/td>\n<td style=\"border: 1px solid grey; border-collapse: collapse;\">Kutsanm\u0131\u015f bir sezon i\u00e7in beklentiyi y\u00f6nlendirir<\/td>\n<\/tr>\n<tr>\n<td style=\"border: 1px solid grey; border-collapse: collapse;\">\u0130skandinav Noel Takvimi<\/td>\n<td style=\"border: 1px solid grey; border-collapse: collapse;\">G\u00fcnl\u00fck yans\u0131malarla yap\u0131land\u0131r\u0131lm\u0131\u015f bir geri say\u0131m sunar<\/td>\n<\/tr>\n<tr>\n<td style=\"border: 1px solid grey; border-collapse: collapse;\">Kutsal Ruh<\/td>\n<td style=\"border: 1px solid grey; border-collapse: collapse;\">\u0130nan\u00e7l\u0131lara ruhani i\u00e7g\u00f6r\u00fc ile rehberlik eder<\/td>\n<\/tr>\n<\/tbody>\n<\/table>\n<h3>Katolik Teolojisinde Beklentinin Anlam\u0131<\/h3>\n<p>Katolik teolojisinde beklentinin anlam\u0131, derin g\u00fcnl\u00fck umuda dayan\u0131r ve onay t\u00f6renlerinin ve tespih dualar\u0131n\u0131n sakin bir g\u00fcvence a\u015f\u0131lad\u0131\u011f\u0131 \u0130ngiltere'de bile g\u00f6r\u00fclen geleneklerle bir k\u00f6pr\u00fc kurar. Din adamlar\u0131na ve inananlara, vitray pencerelerin yumu\u015fak \u0131\u015f\u0131lt\u0131s\u0131nda yans\u0131yan Noel'e do\u011fru odaklanm\u0131\u015f, net bir geri say\u0131m\u0131 benimsemeleri i\u00e7in ilham verir. Bu bekleme duygusu, mevsimi pratik, istikrarl\u0131 bir inan\u00e7 ve sessiz bir sevin\u00e7 zaman\u0131na d\u00f6n\u00fc\u015ft\u00fcr\u00fcr:<\/p>\n<table style=\"border: 1px solid grey; border-collapse: collapse;\">\n<tbody>\n<tr>\n<th style=\"border: 1px solid grey; border-collapse: collapse;\">Element<\/th>\n<th style=\"border: 1px solid grey; border-collapse: collapse;\">A\u00e7\u0131klama<\/th>\n<th style=\"border: 1px solid grey; border-collapse: collapse;\">Rol<\/th>\n<\/tr>\n<tr>\n<td style=\"border: 1px solid grey; border-collapse: collapse;\">\u0130ngiltere<\/td>\n<td style=\"border: 1px solid grey; border-collapse: collapse;\">Zengin gelenekleri ve tarihi uygulamalar\u0131 sembolize eder<\/td>\n<td style=\"border: 1px solid grey; border-collapse: collapse;\">B\u00f6lgesel gelenek etkisini vurgular<\/td>\n<\/tr>\n<tr>\n<td style=\"border: 1px solid grey; border-collapse: collapse;\">Onaylama<\/td>\n<td style=\"border: 1px solid grey; border-collapse: collapse;\">\u00d6nemli bir dini t\u00f6reni temsil eder<\/td>\n<td style=\"border: 1px solid grey; border-collapse: collapse;\">Ki\u015fisel inanc\u0131 g\u00fc\u00e7lendirir<\/td>\n<\/tr>\n<tr>\n<td style=\"border: 1px solid grey; border-collapse: collapse;\">Tespih<\/td>\n<td style=\"border: 1px solid grey; border-collapse: collapse;\">Yans\u0131t\u0131c\u0131 duay\u0131 te\u015fvik eder<\/td>\n<td style=\"border: 1px solid grey; border-collapse: collapse;\">G\u00fcnl\u00fck ruhani ba\u011flant\u0131y\u0131 te\u015fvik eder<\/td>\n<\/tr>\n<tr>\n<td style=\"border: 1px solid grey; border-collapse: collapse;\">Din Adamlar\u0131<\/td>\n<td style=\"border: 1px solid grey; border-collapse: collapse;\">Rehberlik ve destek sunar<\/td>\n<td style=\"border: 1px solid grey; border-collapse: collapse;\">Sad\u0131k toplum liderli\u011fi sa\u011flar<\/td>\n<\/tr>\n<tr>\n<td style=\"border: 1px solid grey; border-collapse: collapse;\">Vitray<\/td>\n<td style=\"border: 1px solid grey; border-collapse: collapse;\">\u0130ncil hikayelerinin g\u00f6rsel sembol\u00fc<\/td>\n<td style=\"border: 1px solid grey; border-collapse: collapse;\">\u0130badet atmosferini geli\u015ftirir<\/td>\n<\/tr>\n<\/tbody>\n<\/table>\n<h2>Advent Takviminin Katoliklerce Benimsenmesi ve Entegrasyonu<\/h2>\n<p>Katolikler, \u0130sa'n\u0131n soya\u011fac\u0131 ile d\u00fcnyan\u0131n \u0131\u015f\u0131\u011f\u0131n\u0131 birbirine ba\u011flayan g\u00fcnl\u00fck bir inan\u00e7 bulmacas\u0131n\u0131 i\u015faretlemek i\u00e7in advent takvimleri kullanmaya ba\u015flad\u0131lar. Kilise s\u00f6zleri ve Papa'n\u0131n g\u00f6r\u00fc\u015fleri bu gelene\u011fi \u015fekillendirmi\u015ftir, t\u0131pk\u0131 bir yapbozun s\u00fctl\u00fc \u00e7ikolata par\u00e7alar\u0131n\u0131n tad\u0131n\u0131 \u00e7\u0131karmak gibi. Bu d\u00fczenek a\u015fa\u011f\u0131daki konulardaki pratik \u00f6\u011fretilerle do\u011frudan ba\u011flant\u0131l\u0131d\u0131r.<\/p>\n<figure><a href=\"https:\/\/lansbox.com\/tr\/custom-printed-boxes\/gift\/advent-calendar\/\"><img decoding=\"async\" src=\"https:\/\/lansbox.com\/wp-content\/uploads\/2025\/04\/8afe62c3-dc4d-4056-ab15-e80b5a7a3eeb.webp\" alt=\"Advent Takviminin Katoliklerce Benimsenmesi ve Entegrasyonu\" width=\"100%\" height=\"100%\" \/><\/a><\/figure>\n<p style=\"text-align: center;\"><a href=\"http:\/\/\/tr\/#popmake-904\"><u>LansBox'tan Teklif Al\u0131n<\/u><\/a><\/p>\n<h3>Katolikler Advent Takvimlerini Kullanmaya Ba\u015flad\u0131\u011f\u0131nda<\/h3>\n<p>Katolikler, Matta \u0130ncili'ndeki i\u00e7g\u00f6r\u00fclerden ve hatta do\u011fay\u0131 i\u015fin i\u00e7ine katan yaprak d\u00f6kmeyen imgelerden yararlanarak, g\u00fcnl\u00fck d\u00fc\u015f\u00fcnceleri ikinci geli\u015f beklentisine ve geli\u015f ruhuna ba\u011flayan bir tatil rit\u00fceli olarak geli\u015f takvimlerini kullanmaya ba\u015flad\u0131lar:<\/p>\n<ul>\n<li>Erken takvim kullan\u0131mlar\u0131 tatil sezonu i\u00e7in hevesli bir davete yol a\u00e7t\u0131<\/li>\n<li>Entegrasyon, inanc\u0131n basit, g\u00fcnl\u00fck hat\u0131rlat\u0131c\u0131lar\u0131n\u0131 yans\u0131tt\u0131<\/li>\n<li>Her zaman g\u00fcndemde olan temalar do\u011fa ve ruhsal geli\u015fim aras\u0131ndaki ba\u011flant\u0131n\u0131n alt\u0131n\u0131 \u00e7izdi<\/li>\n<\/ul>\n<h3>Gelenek Katolik Advent Ruhanili\u011fi ile Nas\u0131l Uyu\u015fuyor?<\/h3>\n<p>Bu gelenek, Bat\u0131 H\u0131ristiyanl\u0131\u011f\u0131nda g\u00f6r\u00fclen sessiz d\u00fc\u015f\u00fcnceleri yans\u0131tan, Beyt\u00fcllahim'deki yemlik ve Vaftizci Yahya \u00f6rne\u011fi gibi sembollerle inananlar\u0131 dua ve beklentiye y\u00f6nelik ger\u00e7ek, uygulamal\u0131 bir yakla\u015f\u0131ma y\u00f6nlendiren g\u00fcnl\u00fck bir adanm\u0131\u015fl\u0131\u011f\u0131 ate\u015fleyerek Katolik Advent ruhanili\u011fiyle birle\u015fir.<\/p>\n<h3>Takvim Kavram\u0131n\u0131n Katolik \u00d6\u011fretilerine Uyarlanmas\u0131<\/h3>\n<p>Takvim konseptini Katolik \u00f6\u011fretilerine uyarlayan uzmanlar, rit\u00fcelin kendi i\u00e7inde bir hac yolculu\u011funa d\u00f6n\u00fc\u015ft\u00fc\u011f\u00fcn\u00fc belirtiyor - mevsimin geli\u015f anlam\u0131na do\u011fru g\u00fcnl\u00fck bir yolculuk. Bu uygulama, aziz Noel geleneklerini ve Papa'n\u0131n g\u00f6r\u00fc\u015flerini bir araya getirerek, ortak dua kitab\u0131n\u0131n basit, yans\u0131t\u0131c\u0131 y\u00f6nergelerini yans\u0131t\u0131yor:<\/p>\n<ul>\n<li>Ki\u015fisel bir hac yolculu\u011funa ilham veren g\u00fcnl\u00fck d\u00fc\u015f\u00fcnceler.<\/li>\n<li>\u0130nanc\u0131 g\u00fcnl\u00fck ya\u015famla birle\u015ftiren, takip etmesi kolay ad\u0131mlar.<\/li>\n<li>Papa'n\u0131n mesajlar\u0131ndan ve eski metinlerden etkilenen i\u00e7g\u00f6r\u00fcler.<\/li>\n<\/ul>\n<h3>Papal\u0131k Perspektifleri veya Kilisenin Uygulamadan Bahsetmesi<\/h3>\n<p>Papal\u0131\u011f\u0131n advent takvimlerine bak\u0131\u015f a\u00e7\u0131s\u0131, Katolik Kilisesi \u0130lmihali'nde belirtilen ve Encyclop\u00e6dia Britannica gibi g\u00fcvenilir kaynaklarda da yank\u0131 bulan bilgilerden beslenmekte ve Virginia'daki papazlara ve inananlara bu takvimin ayin y\u0131l\u0131ndaki rol\u00fcne dair net bir g\u00f6r\u00fc\u015f vermektedir:<\/p>\n<ul>\n<li>Kilise, advent takvimlerinin g\u00fcnl\u00fck d\u00fc\u015f\u00fcnme y\u00f6n\u00fcn\u00fc vurgulamaktad\u0131r.<\/li>\n<li>Katolik kilisesinin ilmihalindeki referanslar ruhani amac\u0131n\u0131 desteklemektedir.<\/li>\n<li>Papazlar bu ara\u00e7lar\u0131, ayin y\u0131l\u0131n\u0131 benimsemede cemaatlere rehberlik etmek i\u00e7in kullan\u0131rlar.<\/li>\n<li>Encyclop\u00e6dia Britannica da dahil olmak \u00fczere g\u00fcvenilir kaynaklar tarihi \u00f6nemini do\u011frulamaktad\u0131r.<\/li>\n<\/ul>\n<h2>Geleneksel Katolik Advent Takviminin \u00d6zellikleri<\/h2>\n<p>Geleneksel Katolik advent takvimi, Noel d\u00f6neminde Assisili Francis'ten esinlenenler gibi dini imgeler ve semboller i\u00e7eren rit\u00fcel ve kutsal yaz\u0131lar\u0131 bir araya getirir. Ann Voskamp'\u0131n Advent takvimine ve di\u011fer \u00f6zel Katolik temalar\u0131na bir selam niteli\u011finde olan bu takvim, her kap\u0131n\u0131n arkas\u0131nda yer alan kutsal kitap ayetleriyle Do\u011fu\u015f hikayesinin ilerleyi\u015fine h\u0131zl\u0131 bir bak\u0131\u015f sunar ve onu sek\u00fcler takvimlerden ay\u0131r\u0131r.<\/p>\n<figure><a href=\"https:\/\/lansbox.com\/tr\/custom-printed-boxes\/gift\/advent-calendar\/\"><img decoding=\"async\" src=\"https:\/\/lansbox.com\/wp-content\/uploads\/2025\/04\/5a411a55-f709-4a2a-800f-53e58584af6c.webp\" alt=\"Geleneksel Katolik Advent Takviminin \u00d6zellikleri \" width=\"100%\" height=\"100%\" \/><\/a><\/figure>\n<p style=\"text-align: center;\"><a href=\"http:\/\/\/tr\/#popmake-904\"><u>LansBox'tan Teklif Al\u0131n<\/u><\/a><\/p>\n<h3>Yayg\u0131n Olarak Bulunan Dini \u0130mgeler ve Semboller<\/h3>\n<p>Geleneksel Katolik advent takvimi, m\u00fctevaz\u0131 bir ha\u00e7, canl\u0131 Noel \u0131\u015f\u0131klar\u0131 ve hatta aziz Nicholas'a bir selam gibi dini g\u00f6rsellerin bir kar\u0131\u015f\u0131m\u0131na sahiptir ve bunlar\u0131n hepsi sezon boyunca inan\u00e7la ilgili Katolik cevaplar\u0131n temelini olu\u015fturur. Magnificat'\u0131n ve di\u011fer kutsal metinlerin basit bir hat\u0131rlat\u0131c\u0131l\u0131\u011f\u0131n\u0131 sunarak inananlar\u0131 tela\u015fa kap\u0131lmadan anlaml\u0131 bir kutlamaya y\u00f6nlendirir.<\/p>\n<h3>Kap\u0131lar\u0131n Arkas\u0131nda Kutsal Yaz\u0131lardan Ayetler veya Dualar<\/h3>\n<p>Katolik gelenekleri, her kap\u0131n\u0131n ard\u0131na gizlenen ve inananlara do\u011fu\u015f orucunu, Kral \u0130sa'n\u0131n bayram\u0131n\u0131 ve hatta Katolik ansiklopedisi ve ilmihal gibi g\u00fcvenilir kaynaklardan al\u0131nan bir kehanet ipucunu hat\u0131rlatan kutsal kitap ayetleri veya dualarla bunu basit ve d\u00fcr\u00fcst tutar:<\/p>\n<table style=\"border: 1px solid grey; border-collapse: collapse;\">\n<tbody>\n<tr>\n<th style=\"border: 1px solid grey; border-collapse: collapse;\">Anahtar Unsur<\/th>\n<th style=\"border: 1px solid grey; border-collapse: collapse;\">A\u00e7\u0131klama<\/th>\n<\/tr>\n<tr>\n<td style=\"border: 1px solid grey; border-collapse: collapse;\">Do\u011fu\u015f Orucu<\/td>\n<td style=\"border: 1px solid grey; border-collapse: collapse;\">Noel \u00f6ncesi bir d\u00fc\u015f\u00fcnme ve itidal d\u00f6nemine i\u015faret eder.<\/td>\n<\/tr>\n<tr>\n<td style=\"border: 1px solid grey; border-collapse: collapse;\">Kral \u0130sa Bayram\u0131<\/td>\n<td style=\"border: 1px solid grey; border-collapse: collapse;\">Sezon boyunca Mesih'in h\u00fck\u00fcm s\u00fcren g\u00fcc\u00fcn\u00fc vurgular.<\/td>\n<\/tr>\n<tr>\n<td style=\"border: 1px solid grey; border-collapse: collapse;\">Kehanet<\/td>\n<td style=\"border: 1px solid grey; border-collapse: collapse;\">\u0130nananlar\u0131 kadim vaatlere ve vizyonlara ba\u011flar.<\/td>\n<\/tr>\n<tr>\n<td style=\"border: 1px solid grey; border-collapse: collapse;\">Katolik Ansiklopedisi<\/td>\n<td style=\"border: 1px solid grey; border-collapse: collapse;\">Anlay\u0131\u015f\u0131 geli\u015ftirmek i\u00e7in tarihsel ve dini ba\u011flam sunar.<\/td>\n<\/tr>\n<tr>\n<td style=\"border: 1px solid grey; border-collapse: collapse;\">\u0130lmihal<\/td>\n<td style=\"border: 1px solid grey; border-collapse: collapse;\">A\u00e7\u0131k doktrinel rehberlik ve pratik i\u00e7g\u00f6r\u00fcler sa\u011flar.<\/td>\n<\/tr>\n<\/tbody>\n<\/table>\n<h3>Do\u011fu\u015f Hikayesi \u0130lerlemesine Odaklan\u0131n<\/h3>\n<p>\u0130\u00e7inde <a href=\"https:\/\/lansbox.com\/tr\/custom-printed-boxes\/gift\/advent-calendar\/\">\u00f6zel geli\u0307\u015f takvi\u0307mleri\u0307<\/a>Do\u011fu\u015f hikayesinin ilerleyi\u015fi, her cemaatin takdir edebilece\u011fi anl\u0131k inan\u00e7 foto\u011fraflar\u0131 gibi ortaya \u00e7\u0131k\u0131yor. Tanr\u0131'n\u0131n mele\u011finin bir umut \u0131\u015f\u0131\u011f\u0131 olarak ortaya \u00e7\u0131kmas\u0131, laetare pazar\u0131n\u0131n bir rahatlama patlamas\u0131 sunmas\u0131 ve palmiye pazar\u0131n\u0131n yenilenmi\u015f ba\u011fl\u0131l\u0131\u011fa zemin haz\u0131rlamas\u0131 gibi \u00f6nemli anlar\u0131 s\u0131k s\u0131k vurgulayan bu dizi, topluluk ve inan\u00e7 ba\u011flar\u0131n\u0131 g\u00fc\u00e7lendirmek i\u00e7in pratik bir ara\u00e7t\u0131r.<\/p>\n<h3>Sek\u00fcler veya Dini Olmayan Takvimlerden Ay\u0131rt Edici Unsurlar<\/h3>\n<p>Geleneksel Katolik advent takvimi, inan\u00e7 ve tefekk\u00fcr\u00fcn \u00f6z\u00fcne odaklanarak, enkarnasyon ve \u0130sa'n\u0131n sanatta do\u011fu\u015fu gibi anlar\u0131 vurgulayarak, Papa Benedict Xvi gibi sayg\u0131n fig\u00fcrler taraf\u0131ndan s\u0131kl\u0131kla vurgulanan fikirlerle laik benzerlerinden ayr\u0131l\u0131r. Aziz Lucy'nin miras\u0131n\u0131 ve Noel arifesinin sessiz b\u00fcy\u00fcs\u00fcn\u00fc her s\u00fcrprize \u00f6rerek, her g\u00fcn\u00fcn adanm\u0131\u015fl\u0131k yolculu\u011funda anlaml\u0131 bir ad\u0131m olmas\u0131n\u0131 sa\u011flar ve basit, g\u00fcnl\u00fck uygulamalarla ger\u00e7ek inan\u00e7la yeniden ba\u011flant\u0131 kurmak i\u00e7in net bir rehber sunar:<\/p>\n<ul>\n<li>Sanatta \u0130sa'n\u0131n beden almas\u0131 ve do\u011fu\u015funa odaklanan g\u00fcnl\u00fck d\u00fc\u015f\u00fcnceler.<\/li>\n<li>Aziz Lucy ve di\u011fer sayg\u0131de\u011fer fig\u00fcrlerin kal\u0131c\u0131 etkisine i\u015faret eden semboller.<\/li>\n<li>Ruhani anlay\u0131\u015f\u0131 derinle\u015ftirmek i\u00e7in Papa Benedict Xvi'nin g\u00f6r\u00fc\u015flerini yans\u0131tan ipu\u00e7lar\u0131.<\/li>\n<li>Mevsimsel anlat\u0131y\u0131 birbirine ba\u011flamak i\u00e7in Noel arifesi geleneklerine \u00f6zel vurgu.<\/li>\n<\/ul>\n<h3>Belirli Katolik Advent Takvimi Temalar\u0131na \u00d6rnekler<\/h3>\n<p>Bu Katolik advent takvimi temas\u0131, \u0130\u015faya gibi metinlerde ve g\u00fcnl\u00fck inan\u00e7 uygulamalar\u0131nda yank\u0131lanan merhamet ve fedak\u00e2rl\u0131\u011f\u0131 hat\u0131rlatarak, eski ahitten hik\u00e2yeleri kutsal bir y\u00fck\u00fcml\u00fcl\u00fck g\u00fcn\u00fc olarak i\u015faretlenen anlarla birle\u015ftirir:<\/p>\n<table style=\"border: 1px solid grey; border-collapse: collapse;\">\n<tbody>\n<tr>\n<th style=\"border: 1px solid grey; border-collapse: collapse;\">Tema<\/th>\n<th style=\"border: 1px solid grey; border-collapse: collapse;\">A\u00e7\u0131klama<\/th>\n<\/tr>\n<tr>\n<td style=\"border: 1px solid grey; border-collapse: collapse;\">Eski Ahit<\/td>\n<td style=\"border: 1px solid grey; border-collapse: collapse;\">Kadim inan\u00e7 derslerini modern yans\u0131malara ba\u011fl\u0131yor<\/td>\n<\/tr>\n<tr>\n<td style=\"border: 1px solid grey; border-collapse: collapse;\">Kutsal Y\u00fck\u00fcml\u00fcl\u00fck G\u00fcn\u00fc<\/td>\n<td style=\"border: 1px solid grey; border-collapse: collapse;\">Odaklanm\u0131\u015f ibadet gerektiren g\u00fcnleri vurgular<\/td>\n<\/tr>\n<tr>\n<td style=\"border: 1px solid grey; border-collapse: collapse;\">Merhamet ve Fedakarl\u0131k<\/td>\n<td style=\"border: 1px solid grey; border-collapse: collapse;\">\u015eefkat ve ba\u011fl\u0131l\u0131k dengesini vurgular<\/td>\n<\/tr>\n<tr>\n<td style=\"border: 1px solid grey; border-collapse: collapse;\">Isaiah<\/td>\n<td style=\"border: 1px solid grey; border-collapse: collapse;\">G\u00fcnl\u00fck ibadetlere rehberlik eden kehanet i\u00e7g\u00f6r\u00fclerini payla\u015f\u0131r<\/td>\n<\/tr>\n<\/tbody>\n<\/table>\n<h2>Katolik ve Di\u011fer Hristiyan Advent Takvimi Gelenekleri<\/h2>\n<p>Noel'e do\u011fru geri say\u0131m \u00e7e\u015fitli uygulamalar\u0131 tetikliyor. Katolikler ve di\u011ferleri g\u00fcnl\u00fck meditasyonu ak\u015fam duas\u0131 ve geleneklerle harmanlarken, \u0130ngiltere Kilisesi kendi yorumunu ekler. Lutherci ve Katolik g\u00f6r\u00fc\u015fler odak noktas\u0131 ve sembolizm a\u00e7\u0131s\u0131ndan farkl\u0131l\u0131k g\u00f6sterse de Mesih'in do\u011fumu i\u00e7in ortak bir beklenti arma\u011fan\u0131n\u0131 payla\u015fmaktad\u0131r. Her bir yakla\u015f\u0131m, kendilerine \u00f6zg\u00fc geleneklerinin ortak bir miras\u0131 nas\u0131l onurland\u0131rd\u0131\u011f\u0131na dair pratik bilgiler sunmaktad\u0131r.<\/p>\n<figure><a href=\"https:\/\/lansbox.com\/tr\/custom-printed-boxes\/gift\/advent-calendar\/\"><img decoding=\"async\" src=\"https:\/\/lansbox.com\/wp-content\/uploads\/2025\/04\/63a2bcfd-a8f9-4c8b-9bf9-514cc4e33b1e.webp\" alt=\"Katolik ve Di\u011fer Hristiyan Advent Takvimi Gelenekleri\" width=\"100%\" height=\"100%\" \/><\/a><\/figure>\n<p style=\"text-align: center;\"><a href=\"http:\/\/\/tr\/#popmake-904\"><u>LansBox'tan Teklif Al\u0131n<\/u><\/a><\/p>\n<h3>Advent Sezonu Geri Say\u0131m\u0131n\u0131n \u0130\u015faretlenmesindeki Benzerlikler<\/h3>\n<p>Benzerlikler, her pazartesi ve di\u011fer \u00f6nemli g\u00fcnlerin Advent Katolik kilisesinde sessiz bir ritme yol a\u00e7mas\u0131nda, bir antiphon \u00e7al\u0131nmas\u0131nda ve advent \u00e7elenginin Katolik zaman\u0131 i\u015faretlemesinde ortaya \u00e7\u0131kar. Advent ve Katolik gelenekleri aras\u0131ndaki bu ortak ritim, inananlar\u0131n Noel'e do\u011fru o tan\u0131d\u0131k, istikrarl\u0131 geri say\u0131m\u0131 hissetmelerine, gelene\u011fi g\u00fcnl\u00fck ya\u015famla harmanlamalar\u0131na ve mevsimi daha ula\u015f\u0131labilir hissetmelerine yard\u0131mc\u0131 olur.<\/p>\n<h3>Mezhepler Aras\u0131nda Odaklanma veya Sembolizm Farkl\u0131l\u0131klar\u0131<\/h3>\n<p>Advent takvimi, H\u0131ristiyan gruplar aras\u0131nda odaklanma ve sembolizm a\u00e7\u0131s\u0131ndan belirgin farkl\u0131l\u0131klar ortaya koymaktad\u0131r. Katolik d\u00fczeni, \u00f6zenle d\u00fczenlenmi\u015f sunak sergileri ve good friday gibi \u00f6nemli g\u00fcnler arac\u0131l\u0131\u011f\u0131yla ibadeti vurgularken, episkopal kilisesi genellikle daha fazla topluluk odakl\u0131 uygulamalara y\u00f6nelir; daha fazla bilgi i\u00e7in, <a href=\"http:\/\/#popmake-904\">LansBox ile ileti\u015fime ge\u00e7in<\/a>:<\/p>\n<ul>\n<li>\u0130badet rit\u00fcelleri g\u00fcnl\u00fck geri say\u0131m\u0131 \u015fekillendirir<\/li>\n<li>Sunak g\u00f6sterileri kutsal ayini i\u015faret ediyor<\/li>\n<li>Episkopal kilisesi toplumsal ad\u0131mlar\u0131 vurgular<\/li>\n<li>Kutsal Cuma'ya bir d\u00fc\u015f\u00fcnme notu ekleniyor<\/li>\n<\/ul>\n<p>Geleneklerin bu kar\u0131\u015f\u0131m\u0131, inanc\u0131 g\u00fcnl\u00fck ya\u015famla harmanlamak isteyenler i\u00e7in pratik bir rehber sunuyor.<\/p>\n<h3>Mesih'in Do\u011fumunu Beklemenin Ortak Hristiyan Miras\u0131<\/h3>\n<p>Ortak Hristiyan miras\u0131, Noel'in geri say\u0131m\u0131na gelenek ve g\u00fcnl\u00fck d\u00fc\u015f\u00fcncenin canl\u0131 bir kar\u0131\u015f\u0131m\u0131n\u0131 getirerek, Amerika Birle\u015fik Devletleri Katolik Piskoposlar Konferans\u0131'n\u0131n g\u00f6r\u00fc\u015flerini okul \u00f6ncesi \u00f6\u011fretmenlerinin a\u015fina oldu\u011fu uygulamalarla birle\u015ftiriyor. Bu miras, basit ak\u015fam ayini anlar\u0131 ile Paskalya heyecan\u0131 aras\u0131nda k\u00f6pr\u00fcler kurarak inananlar\u0131n Mesih'in do\u011fumu i\u00e7in zengin bir beklenti dokusunu takdir etmelerine yard\u0131mc\u0131 olurken, pratik, g\u00fcnl\u00fck inanca odaklanmay\u0131 da s\u00fcrd\u00fcr\u00fcyor.<\/p>\n<h3>Advent Takvimlerine Lutheran ve Katolik Yakla\u015f\u0131mlar\u0131<\/h3>\n<p>Lutherci yakla\u015f\u0131mlar, Bethlehem'in y\u0131ld\u0131z\u0131na selam vererek mevsimin ham, filtrelenmemi\u015f ruhuna odaklanarak i\u015fleri basit ve insani tutma e\u011filimindeyken, Katolik y\u00f6ntemler, H\u0131ristiyan kilisesinin ritmini tan\u0131mlamaya yard\u0131mc\u0131 olan yap\u0131land\u0131r\u0131lm\u0131\u015f o antiphons arac\u0131l\u0131\u011f\u0131yla ciddiyete e\u011filir. Her ikisi de Noel geleneklerinin daha derin anlam\u0131n\u0131 anlamaya y\u00f6nelik net bir yol sunmakta, g\u00fcnl\u00fck ya\u015fama ve ruhani ihtiya\u00e7lara hitap eden uygulanabilir bilgiler sa\u011flamaktad\u0131r:<\/p>\n<ul>\n<li>Spontane, i\u00e7ten yans\u0131maya Lutherci vurgu<\/li>\n<li>Antiphonlar arac\u0131l\u0131\u011f\u0131yla rit\u00fcel hassasiyetine Katolik odaklanma<\/li>\n<li>Bethlehem y\u0131ld\u0131z\u0131n\u0131n yol g\u00f6sterici sembol\u00fc i\u00e7in ortak takdir<\/li>\n<\/ul>\n<h2>Advent Takviminin Katolik Aile Ya\u015fam\u0131ndaki Rol\u00fc<\/h2>\n<p>Bu advent takvimi, ailelerin \u00e7ocuklara mevsimin ger\u00e7ek anlam\u0131n\u0131 \u00f6\u011fretmelerine yard\u0131mc\u0131 olur. G\u00fcnl\u00fck d\u00fc\u015f\u00fcnme ve aile duas\u0131 anlar\u0131 yarat\u0131r, maneviyat\u0131 art\u0131r\u0131r ve tanr\u0131, ayin ve hatta bedenin \u00f6l\u00fcm\u00fcn\u00fc i\u00e7eren pratik bir inan\u00e7 rehberi olu\u015fturur. Mesih'in do\u011fumu i\u00e7in beklenti yarat\u0131r ve di\u011fer Katolik advent gelenekleriyle d\u00fczg\u00fcn bir \u015fekilde ba\u011flan\u0131r.<\/p>\n<figure><a href=\"https:\/\/lansbox.com\/tr\/custom-printed-boxes\/gift\/advent-calendar\/\"><img decoding=\"async\" src=\"https:\/\/lansbox.com\/wp-content\/uploads\/2025\/04\/daad2cce-93f9-4122-824d-6d83a0a544ae.webp\" alt=\"Advent Takviminin Katolik Aile Ya\u015fam\u0131ndaki Rol\u00fc\" width=\"100%\" height=\"100%\" \/><\/a><\/figure>\n<p style=\"text-align: center;\"><a href=\"http:\/\/\/tr\/#popmake-904\"><u>LansBox'tan Teklif Al\u0131n<\/u><\/a><\/p>\n<h3>\u00c7ocuklara Advent Sezonunun Anlam\u0131n\u0131 \u00d6\u011fretmek<\/h3>\n<p>Katolik aile ya\u015fam\u0131nda \u00e7ocuklara Advent sezonunu \u00f6\u011fretmek, Advent Katolik \u00e7elengi ve do\u011fum sahnesinin nas\u0131l bir umut ve d\u00fc\u015f\u00fcnme sembol\u00fc olarak hizmet etti\u011fini g\u00f6stermenin e\u011flenceli bir yolu haline gelir. \u0130talya'dan gelen gelenekler, Paskalya d\u00f6nemi fikirleri ve her takvim kap\u0131s\u0131n\u0131n ard\u0131ndaki anlam hakk\u0131nda basit a\u00e7\u0131klamalar, \u00e7ocuklar\u0131n inan\u00e7lar\u0131yla ba\u011flant\u0131 kurmalar\u0131na ve g\u00fcnl\u00fck e\u015fyalar\u0131 ruhani yolculu\u011fun bir par\u00e7as\u0131 olarak g\u00f6rmelerine yard\u0131mc\u0131 olur:<\/p>\n<table style=\"border: 1px solid grey; border-collapse: collapse;\">\n<tbody>\n<tr>\n<th style=\"border: 1px solid grey; border-collapse: collapse;\">\u00d6\u011fe<\/th>\n<th style=\"border: 1px solid grey; border-collapse: collapse;\">Anlam\u0131<\/th>\n<\/tr>\n<tr>\n<td style=\"border: 1px solid grey; border-collapse: collapse;\">Advent Katolik \u00c7elengi<\/td>\n<td style=\"border: 1px solid grey; border-collapse: collapse;\">Bekleyi\u015f ve umut d\u00f6ng\u00fcs\u00fcn\u00fc temsil eder<\/td>\n<\/tr>\n<tr>\n<td style=\"border: 1px solid grey; border-collapse: collapse;\">Do\u011fu\u015f Sahnesi<\/td>\n<td style=\"border: 1px solid grey; border-collapse: collapse;\">Do\u011fum hikayesini g\u00f6rsel ve ili\u015fkilendirilebilir bir \u015fekilde g\u00f6sterir<\/td>\n<\/tr>\n<tr>\n<td style=\"border: 1px solid grey; border-collapse: collapse;\">Sembol<\/td>\n<td style=\"border: 1px solid grey; border-collapse: collapse;\">Kutsal anlar\u0131 ve derin gelenekleri i\u015faretler<\/td>\n<\/tr>\n<tr>\n<td style=\"border: 1px solid grey; border-collapse: collapse;\">\u0130talya<\/td>\n<td style=\"border: 1px solid grey; border-collapse: collapse;\">K\u00fclt\u00fcrel k\u00f6kleri ve zengin tarihi yans\u0131t\u0131r<\/td>\n<\/tr>\n<tr>\n<td style=\"border: 1px solid grey; border-collapse: collapse;\">Paskalya Yortusu<\/td>\n<td style=\"border: 1px solid grey; border-collapse: collapse;\">Yeni ba\u015flang\u0131\u00e7lar\u0131n kutlanmas\u0131na ba\u011flant\u0131 verir<\/td>\n<\/tr>\n<\/tbody>\n<\/table>\n<h3>G\u00fcnl\u00fck D\u00fc\u015f\u00fcnme ve Aile Duas\u0131 Anlar\u0131 Yaratmak<\/h3>\n<p>Advent cal, g\u00fcnl\u00fck d\u00fc\u015f\u00fcnme ve aile duas\u0131 rutininin tozunu att\u0131rarak, ev hayat\u0131n\u0131n g\u00fcnl\u00fck ritmine d\u00fczg\u00fcn bir \u015fekilde uyan basit bir ayinin par\u00e7as\u0131 olarak, neredeyse sevilen bir Noel \u015fark\u0131s\u0131na uyum sa\u011flamak gibi, advent mumlar\u0131n\u0131n anlam\u0131n\u0131n tad\u0131n\u0131 \u00e7\u0131karmak i\u00e7in bir an sunuyor. Hatta aileler ilerlemelerini h\u0131zl\u0131 bir e-posta adresi g\u00fcncellemesiyle payla\u015farak herkesin ba\u011flant\u0131da kalmas\u0131n\u0131 ve bu payla\u015f\u0131lan anlardan gelen s\u0131cakl\u0131\u011f\u0131n bir par\u00e7as\u0131 olmas\u0131n\u0131 sa\u011fl\u0131yor.<\/p>\n<h3>Mesih'in Do\u011fumunun Kutlanmas\u0131 i\u00e7in Beklenti Yaratmak<\/h3>\n<p>Takvim, Amos'un bile hayran kalaca\u011f\u0131 geleneklerin cazibesini yakalayarak do\u011fu\u015f hikayesine bir bak\u0131\u015f sunarak g\u00fcnl\u00fck heyecan\u0131 ate\u015fliyor; Katolik aileler aras\u0131nda \u0130sa'n\u0131n do\u011fumu i\u00e7in ger\u00e7ek bir beklenti yaratmak i\u00e7in ince sanat\u0131 \u015fenlikli bir havayla - bir Noel a\u011fac\u0131 kadar s\u0131cak ve yerel bir pazardaki bir araba kadar canl\u0131 - harmanl\u0131yor.<\/p>\n<h3>Takvimi Evdeki Di\u011fer Katolik Advent Gelenekleriyle B\u00fct\u00fcnle\u015ftirmek<\/h3>\n<p>Advent takvimi, Katolik aile ya\u015fam\u0131na tam olarak uymakta, advent mumlar\u0131 ve epifani kutlamalar\u0131 gibi di\u011fer de\u011ferli geleneklerle el ele \u00e7al\u0131\u015fmaktad\u0131r. G\u00fcnl\u00fck d\u00fc\u015f\u00fcnme ve temel rit\u00fcellerin bu pratik kar\u0131\u015f\u0131m\u0131 - m\u00fctevaz\u0131 vaftizden sonsuz ya\u015fam i\u00e7in dikkatli anlara, hatta 7 adventist notu i\u015faretlemeye kadar - ev hayat\u0131n\u0131 canl\u0131 ve sezon boyunca inanca derinden ba\u011fl\u0131 tutar.<\/p>\n<h2>Dini Advent Takvimlerini Sek\u00fcler Versiyonlardan Ay\u0131rt Etmek<\/h2>\n<p>Burada odaklan\u0131lan nokta, dini advent takvimlerinin ger\u00e7ek \u00f6z\u00fcd\u00fcr. Latin kilisesinden bir gelenek kitab\u0131n\u0131 vurgularlar, bir novena ruhu \u00fczerine in\u015fa ederler ve her \u00f6\u011frenciyle ba\u011flant\u0131 kurarlar. Bunun aksine, pek \u00e7ok sek\u00fcler versiyon g\u00f6steri\u015fli temalara dayan\u0131r. Bu b\u00f6l\u00fcm, inan\u00e7 ve do\u011fu\u015fun ger\u00e7ek amac\u0131 nas\u0131l net bir \u015fekilde g\u00f6z \u00f6n\u00fcnde tuttu\u011funu incelemektedir.<\/p>\n<figure><a href=\"https:\/\/lansbox.com\/tr\/custom-printed-boxes\/gift\/advent-calendar\/\"><img decoding=\"async\" src=\"https:\/\/lansbox.com\/wp-content\/uploads\/2025\/04\/0069247d-6538-4ab6-8df0-53cc44f76d2e.webp\" alt=\"Dini Advent Takvimlerini Sek\u00fcler Versiyonlardan Ay\u0131rt Etmek\" width=\"100%\" height=\"100%\" \/><\/a><\/figure>\n<p style=\"text-align: center;\"><a href=\"http:\/\/\/tr\/#popmake-904\"><u>LansBox'tan Teklif Al\u0131n<\/u><\/a><\/p>\n<h3>Dini Advent Takvimlerinin Arkas\u0131ndaki Temel Ama\u00e7<\/h3>\n<p>Dini advent takvimlerinin arkas\u0131ndaki temel ama\u00e7, las posadas, \u0130ncil kehaneti ve \u0130sa'n\u0131n tutkusu gibi anlara odaklanarak kutsal gelenekleri g\u00fcnl\u00fck olarak hat\u0131rlatmakt\u0131r. Ebeveynlere ve genel toplulu\u011fa, pratik ad\u0131mlarla inanc\u0131 kutlayan anlaml\u0131 bir geri say\u0131m boyunca rehberlik eder ve umut ve yans\u0131man\u0131n a\u00e7\u0131k i\u015faretlerini verir. Bu g\u00fcnl\u00fck yolculuk, bu ad\u0131mlar\u0131 takip eden basit bir inan\u00e7 hikayesini anlat\u0131r:<\/p>\n<ul>\n<li>\u0130ncil'den pasajlardan esinlenen g\u00fcnl\u00fck d\u00fc\u015f\u00fcnceler<\/li>\n<li>Las posadas geleneklerine ili\u015fkin g\u00f6zlemler<\/li>\n<li>\u0130sa'n\u0131n tutkusu ve \u0130ncil'deki kehaneti hat\u0131rlat\u0131r<\/li>\n<li>Ebeveynler ve toplum \u00fcyeleri i\u00e7in pratik rehberlik<\/li>\n<\/ul>\n<h3>Ticarile\u015fme ve Din D\u0131\u015f\u0131 Temalara Y\u00f6neli\u015f<\/h3>\n<p>Bu e\u011filim, ticari de\u011ferlerin genellikle vaftiz \u00e7i\u00e7e\u011fi, basit bir \u00e7elenk sergisi ya da Yeni Ahit'in \u00f6z\u00fcne ba\u011flanan Meryem Ana duas\u0131n\u0131 simgeleyen m\u00fctevaz\u0131 bir mum gibi geleneksel i\u015faretleri g\u00f6lgede b\u0131rakt\u0131\u011f\u0131 a\u00e7\u0131k bir de\u011fi\u015fim g\u00f6stermektedir. Bu de\u011fi\u015fim baz\u0131 ki\u015filerde, parlak modern g\u00fcncellemelerde advent takviminin ger\u00e7ek amac\u0131n\u0131n kayboldu\u011fu hissini uyand\u0131r\u0131yor:<\/p>\n<table style=\"border: 1px solid grey; border-collapse: collapse;\">\n<tbody>\n<tr>\n<th style=\"border: 1px solid grey; border-collapse: collapse;\">Element<\/th>\n<th style=\"border: 1px solid grey; border-collapse: collapse;\">A\u00e7\u0131klama<\/th>\n<\/tr>\n<tr>\n<td style=\"border: 1px solid grey; border-collapse: collapse;\">Christingle<\/td>\n<td style=\"border: 1px solid grey; border-collapse: collapse;\">Geleneksel d\u00fczenlerde toplulu\u011fun ve s\u0131cakl\u0131\u011f\u0131n sembol\u00fc<\/td>\n<\/tr>\n<tr>\n<td style=\"border: 1px solid grey; border-collapse: collapse;\">\u00c7elenk<\/td>\n<td style=\"border: 1px solid grey; border-collapse: collapse;\">D\u00f6ng\u00fcsel gelene\u011fi ve ger\u00e7ek ruhani yans\u0131may\u0131 temsil eder<\/td>\n<\/tr>\n<tr>\n<td style=\"border: 1px solid grey; border-collapse: collapse;\">Hail Mary<\/td>\n<td style=\"border: 1px solid grey; border-collapse: collapse;\">Y\u00fcrekten gelen dualar\u0131 ve derin dini k\u00f6kleri yank\u0131lar<\/td>\n<\/tr>\n<tr>\n<td style=\"border: 1px solid grey; border-collapse: collapse;\">Mum<\/td>\n<td style=\"border: 1px solid grey; border-collapse: collapse;\">Yeni Ahit'in umut mesaj\u0131n\u0131 yans\u0131tan \u0131\u015f\u0131k getirir<\/td>\n<\/tr>\n<\/tbody>\n<\/table>\n<h3>\u0130nan\u00e7 ve Do\u011fu\u015f Merkezli Takvimlerin Belirlenmesi<\/h3>\n<p>Uzmanlar, inanca ve do\u011fu\u015fa odaklanan takvimlerin, mevsimin ger\u00e7ek ihti\u015fam\u0131 i\u00e7in pratik bir rehber g\u00f6revi g\u00f6rd\u00fc\u011f\u00fcn\u00fc, ders okumalar\u0131 ve m\u00fcjdeye odaklanarak kendilerini di\u011ferlerinden ay\u0131rd\u0131\u011f\u0131n\u0131 ve hatta hallmark kanal\u0131 gibi kanallarda g\u00f6r\u00fcld\u00fc\u011f\u00fc gibi g\u00fcnl\u00fck i\u00e7g\u00f6r\u00fclerin kilidini a\u00e7mak i\u00e7in \u015fifre benzeri bir ipucu sa\u011flad\u0131\u011f\u0131n\u0131 belirtiyor:<\/p>\n<ul>\n<li>G\u00fcnl\u00fck ders notlar\u0131<\/li>\n<li>M\u00fcjdenin \u00f6nemli anlar\u0131<\/li>\n<li>Ruhani ihti\u015fama ince selamlar<\/li>\n<\/ul>\n<h3>\u0130nan\u00e7 Oda\u011f\u0131 Otantik Katolik Ayini \u0130\u00e7in Neden \u00d6nemlidir?<\/h3>\n<p>Otantik Katolik ibadeti, inananlar\u0131n ger\u00e7ek uygulamalara ba\u011fl\u0131 kalmalar\u0131na yard\u0131mc\u0131 olmak i\u00e7in inanc\u0131 \u00f6n planda tutarken, k\u00fclt\u00fcr, kefaret ve do\u011fu H\u0131ristiyanl\u0131\u011f\u0131 ile bu d\u00fcnyadaki Fransa'ya selam g\u00f6nderiyor. Bu a\u00e7\u0131k ve g\u00fcndelik yakla\u015f\u0131m, pratik ya\u015fam\u0131n yolunu ayd\u0131nlat\u0131yor ve yans\u0131t\u0131c\u0131 g\u00f6rev ile hayat\u0131n temposunu dengeleyen bir yolun ana hatlar\u0131n\u0131 \u00e7iziyor:<\/p>\n<ul>\n<li>Gelenekleri canl\u0131 tutan g\u00fcnl\u00fck yans\u0131malar.<\/li>\n<li>K\u00fcresel Hristiyan k\u00f6klerinden gelen k\u00fclt\u00fcrel unsurlar.<\/li>\n<li>Kefaret ve bilin\u00e7li ya\u015fam i\u00e7in pratik ad\u0131mlar.<\/li>\n<\/ul>\n<h2>Anlaml\u0131 Bir Katolik Advent Takvimi Bulmak veya Olu\u015fturmak<\/h2>\n<p>Anlaml\u0131 bir Katolik advent takvimi bulmak, m\u00fcjde ile yank\u0131lanan, epifani mevsiminden \u00f6nceki karanl\u0131\u011f\u0131 hafifleten ve ger\u00e7ek dini onurland\u0131ran inan\u00e7 odakl\u0131 par\u00e7alar\u0131 se\u00e7mek anlam\u0131na gelir. Se\u00e7enekler aras\u0131nda haz\u0131r takvimler sat\u0131n almak ya da Birle\u015fik Metodist i\u00e7g\u00f6r\u00fclerin yan\u0131 s\u0131ra maddi \u00f6\u011felerden ziyade manevi haz\u0131rl\u0131\u011f\u0131 vurgulayan pratik fikirler i\u00e7eren kendin yap projeleri olu\u015fturmak yer al\u0131yor.<\/p>\n<figure><a href=\"https:\/\/lansbox.com\/tr\/custom-printed-boxes\/gift\/advent-calendar\/\"><img decoding=\"async\" src=\"https:\/\/lansbox.com\/wp-content\/uploads\/2025\/04\/ea89cba1-9be3-44fd-a010-c035f0ac26b0.webp\" alt=\"Anlaml\u0131 Bir Katolik Advent Takvimi Bulmak veya Olu\u015fturmak \" width=\"100%\" height=\"100%\" \/><\/a><\/figure>\n<p style=\"text-align: center;\"><a href=\"http:\/\/\/tr\/#popmake-904\"><u>LansBox'tan Teklif Al\u0131n<\/u><\/a><\/p>\n<h3>\u0130nan\u00e7 Temelli Advent Takvimleri Sat\u0131n Almak i\u00e7in Kaynaklar<\/h3>\n<p>Dini \u00fcr\u00fcnlere odaklanan \u00f6zel perakendecilerde ve \u00e7evrimi\u00e7i ma\u011fazalarda inan\u00e7 temelli advent takvimleri bulunabilir; burada se\u00e7imler genellikle g\u00fcnl\u00fck yans\u0131malar\u0131 yakmak i\u00e7in bir advent mumu, kutsal ailenin ilham verici g\u00f6r\u00fcnt\u00fcleri ve kutlama ayinine ince selamlar i\u00e7erir. Bir\u00e7ok sat\u0131c\u0131, geri say\u0131m\u0131 zenginle\u015ftirmek i\u00e7in m\u00fczik temal\u0131 unsurlar\u0131n ve Katolik kilisesinden kutsal kitap al\u0131nt\u0131lar\u0131n\u0131n bir kar\u0131\u015f\u0131m\u0131n\u0131 vurgulayarak sat\u0131n almay\u0131 pratik ve canland\u0131r\u0131c\u0131 bir se\u00e7im haline getiriyor. Bu kaynaklar, g\u00fcnl\u00fck rutinlerini k\u00f6kl\u00fc geleneklerle birle\u015ftirmek i\u00e7in anlaml\u0131 bir yol arayanlar i\u00e7in g\u00fcvenilir bir se\u00e7enek sunuyor.<\/p>\n<h3>Aileler i\u00e7in DIY Katolik Advent Takvimi Projeleri i\u00e7in Fikirler<\/h3>\n<p>Uzman, ailelerin advent'i uygulamal\u0131 bir \u015fekilde tan\u0131mlamalar\u0131na olanak tan\u0131yan bir DIY projesi \u00f6neriyor: Noel ve tatil sezonunun havas\u0131na tam olarak uyan, sakinli\u011fin ve yenilenmenin sembol\u00fc olan menek\u015fe rengiyle s\u00fcslenmi\u015f bir takvim olu\u015fturmak i\u00e7in basit malzemeler kullanmak. Aileler, her g\u00fcn\u00fc inanc\u0131n, pratik yarat\u0131c\u0131l\u0131\u011f\u0131n ve sessiz ne\u015fenin k\u00fc\u00e7\u00fck bir yans\u0131mas\u0131 haline getirirken \u015fenlikli tutmak i\u00e7in mini bir a\u011fa\u00e7 ve \u00e7obanp\u00fcsk\u00fcl\u00fc dokunu\u015flar\u0131 gibi unsurlar ekleyebilirler.<\/p>\n<h3>Advent D\u00fc\u015f\u00fcncesini Derinle\u015ftiren \u0130\u00e7erik Se\u00e7imi<\/h3>\n<p>Uzman, anlaml\u0131 bir Katolik advent takvimi i\u00e7in i\u00e7erik se\u00e7menin, g\u00fcnl\u00fck inanc\u0131 ger\u00e7ekten zenginle\u015ftiren unsurlar\u0131 se\u00e7meyi i\u00e7erdi\u011fini belirtiyor. Sayg\u0131n bir rahip taraf\u0131ndan payla\u015f\u0131lan ve EWTN'de vurgulanan g\u00f6r\u00fc\u015flerden yola \u00e7\u0131karak, Roma Missalinden okumalar veya Jesse A\u011fac\u0131 anlat\u0131lar\u0131 gibi se\u00e7imler Meksika gibi yerlerdeki geleneklerde derin yank\u0131 uyand\u0131r\u0131yor.<\/p>\n<p>Bu yakla\u015f\u0131m, s\u00fcreci net a\u015famalara ay\u0131rarak ailelerin otantik maneviyat\u0131 g\u00fcnl\u00fck rutinlerine dahil etmelerine yard\u0131mc\u0131 olur:<\/p>\n<table style=\"border: 1px solid grey; border-collapse: collapse;\">\n<tbody>\n<tr>\n<th style=\"border: 1px solid grey; border-collapse: collapse;\">Element<\/th>\n<th style=\"border: 1px solid grey; border-collapse: collapse;\">\u00d6nem<\/th>\n<\/tr>\n<tr>\n<td style=\"border: 1px solid grey; border-collapse: collapse;\">Roma Missal'i<\/td>\n<td style=\"border: 1px solid grey; border-collapse: collapse;\">Lit\u00fcrjik rehberlik ve \u00f6zg\u00fcn g\u00fcnl\u00fck dualar sa\u011flar.<\/td>\n<\/tr>\n<tr>\n<td style=\"border: 1px solid grey; border-collapse: collapse;\">Jesse A\u011fac\u0131<\/td>\n<td style=\"border: 1px solid grey; border-collapse: collapse;\">\u0130nanc\u0131n k\u00f6klerini ve gelene\u011fin soyunu sembolize eder.<\/td>\n<\/tr>\n<tr>\n<td style=\"border: 1px solid grey; border-collapse: collapse;\">Rahip \u0130\u00e7g\u00f6r\u00fcleri<\/td>\n<td style=\"border: 1px solid grey; border-collapse: collapse;\">Do\u011fru \u00f6\u011fretiler i\u00e7in yetkili bak\u0131\u015f a\u00e7\u0131lar\u0131 sunar.<\/td>\n<\/tr>\n<tr>\n<td style=\"border: 1px solid grey; border-collapse: collapse;\">EWTN \u00d6zellikleri<\/td>\n<td style=\"border: 1px solid grey; border-collapse: collapse;\">Pratik \u00f6rnekler ve medya i\u00e7eri\u011fi ile anlay\u0131\u015f\u0131 zenginle\u015ftirir.<\/td>\n<\/tr>\n<tr>\n<td style=\"border: 1px solid grey; border-collapse: collapse;\">Meksika Gelenekleri<\/td>\n<td style=\"border: 1px solid grey; border-collapse: collapse;\">Advent yolculu\u011funda benzersiz k\u00fclt\u00fcrel yorumlara ilham verir.<\/td>\n<\/tr>\n<\/tbody>\n<\/table>\n<h3>Maddi \u00d6\u011felerden \u00c7ok Manevi Haz\u0131rl\u0131\u011fa Odaklanmak<\/h3>\n<p>Bu yakla\u015f\u0131m, g\u00f6steri\u015fli hediyelere odaklanmay\u0131 azaltarak aileleri \u015feker ya da trend f\u0131st\u0131k at\u0131\u015ft\u0131rmal\u0131klar\u0131 almak yerine ruhsal geli\u015fime daha fazla zaman ay\u0131rmaya te\u015fvik ediyor. Uzmanlar, basit bir kendin yap advent takviminin g\u00fcnl\u00fck bir ilahiyi veya Immanuel hakk\u0131nda d\u00fc\u015f\u00fcnceli bir notu vurgulayabilece\u011fini ve H\u0131ristiyanlara a\u015f\u0131r\u0131 materyalizm y\u00fck\u00fc olmadan ger\u00e7ek mevsimi kucaklamak i\u00e7in sakin, odaklanm\u0131\u015f bir geri say\u0131m sunabilece\u011fini belirtiyor.<\/p>\n<h2>Takvimin \u00d6tesinde Katolik Advent G\u00f6zlemleri<\/h2>\n<p>Katolik gelenekleri takvimin \u00f6tesine ge\u00e7er. Bunlar aras\u0131nda evlerdeki advent \u00e7elengi, d\u00fczenli ayinler ve \u00f6zel ayinler, g\u00fcnl\u00fck dua, oru\u00e7 ve sadaka, ayr\u0131ca benzersiz bir dokunu\u015f katan Jesse a\u011fac\u0131 s\u00fcsleri yer al\u0131r. Kutsal Kitap \u00e7al\u0131\u015fmas\u0131, teoloji dersleri, g\u00fcnah \u00e7\u0131karma ve hatta bir ya da iki internet sohbeti, ger\u00e7ek inan\u00e7la ilgili pratik bilgilerle hepsini birbirine ba\u011flar.<\/p>\n<figure><a href=\"https:\/\/lansbox.com\/tr\/custom-printed-boxes\/gift\/advent-calendar\/\"><img decoding=\"async\" src=\"https:\/\/lansbox.com\/wp-content\/uploads\/2025\/04\/8c5920f2-4973-485f-9e80-136e2c669eb1.webp\" alt=\"Takvimin \u00d6tesinde Katolik Advent G\u00f6zlemleri\" width=\"100%\" height=\"100%\" \/><\/a><\/figure>\n<p style=\"text-align: center;\"><a href=\"http:\/\/\/tr\/#popmake-904\"><u>LansBox'tan Teklif Al\u0131n<\/u><\/a><\/p>\n<h3>Katolik Evlerinde Advent \u00c7elenginin \u00d6nemi<\/h3>\n<p>Katolik evlerindeki advent \u00e7elengi, mevsimlik bir dekorasyondan daha fazlas\u0131d\u0131r; s\u0131radan zaman boyunca \u00f6r\u00fclen mucizenin g\u00fcnl\u00fck bir hat\u0131rlat\u0131c\u0131s\u0131d\u0131r. M\u00fctevaz\u0131 bir oday\u0131 ayd\u0131nlatan nazik bir melek gibi parlayan mumlar\u0131, d\u00fcnyaya ne\u015fe getiren sessiz bir kutlama duygusuna ilham verirken \u0130znik \u0130nanc\u0131'n\u0131n basit ger\u00e7eklerini yank\u0131lar.<\/p>\n<h3>Ayinlere ve \u00d6zel Advent Ayinlerine Kat\u0131lmak<\/h3>\n<p>Ayinlere ve \u00f6zel advent ayinlerine kat\u0131lmak, a\u00e7\u0131k g\u00f6zl\u00fc bilgeli\u011fe pratik bir destek ve advent mevsiminin anlam\u0131n\u0131 anlamak i\u00e7in \u00f6n s\u0131radan bir koltuk sa\u011flayarak her advent pazar\u0131n\u0131 rit\u00fcel ve d\u00fc\u015f\u00fcncenin canl\u0131 bir kar\u0131\u015f\u0131m\u0131 haline getirir. Kutsal hafta ve di\u011fer \u00f6ne \u00e7\u0131kan g\u00fcnlerdeki dini g\u00f6zlemler, sa\u011flam Katolik teolojisi ile \u00e7er\u00e7evelenerek, inananlara arkada\u015flar aras\u0131nda g\u00fcvenilir bir selam gibi hissettiren uygulamal\u0131 bilgilerle rehberlik etmeye yard\u0131mc\u0131 olur. Bu d\u00fczen, g\u00fcnl\u00fck ya\u015fam\u0131 g\u00f6z \u00f6n\u00fcnde tutarken gelene\u011fin nabz\u0131n\u0131 tutman\u0131n basit bir yolunu sunuyor.<\/p>\n<h3>Katolik Advent D\u00f6neminde Dua, Oru\u00e7 ve Sadaka Uygulamalar\u0131<\/h3>\n<p>Katolik Advent d\u00f6neminde cemaatler, inanc\u0131 canl\u0131 tutan uygulamal\u0131, pratik bir yakla\u015f\u0131mla dua, oru\u00e7 ve sadaka verirler. Cemaat \u00fcyeleri d\u00fczenli olarak Efkaristiya ayinine kat\u0131l\u0131r ve \u00f6zel ayinler i\u00e7in sade bir k\u0131yafet giyerken, aileler Advent \u00e7elenk mumlar\u0131n\u0131 yakar ve g\u00fcnl\u00fck ibadetlerine rehberlik etmesi i\u00e7in Carlo Acutis ve Guadalupe Meryem Ana'dan ilham alan hikayeler payla\u015f\u0131r:<\/p>\n<ul>\n<li>Efkaristiya merkezli dua seanslar\u0131<\/li>\n<li>Net bir d\u00fc\u015f\u00fcnme arac\u0131 olarak oru\u00e7 rit\u00fcelleri<\/li>\n<li>Yerel ihtiya\u00e7lar\u0131 desteklemek i\u00e7in sadaka kampanyalar\u0131<\/li>\n<li>Yelek giyen din adamlar\u0131n\u0131n yer ald\u0131\u011f\u0131 \u00f6zel ayinler<\/li>\n<li>G\u00fcnl\u00fck bir hat\u0131rlatma olarak advent \u00e7elenk mumlar\u0131n\u0131n yak\u0131lmas\u0131<\/li>\n<li>Carlo Acutis ve Guadalupe Meryem Ana'dan ilham veren \u00f6\u011fretilerin payla\u015f\u0131lmas\u0131<\/li>\n<\/ul>\n<h3>Jesse A\u011fac\u0131 S\u00fcslerini Tamamlay\u0131c\u0131 Bir Gelenek Olarak Kullanmak<\/h3>\n<p>Uzmanlar Jesse A\u011fac\u0131 s\u00fcslerini, Mesih'in vaadini, Papa I. Gregory'nin g\u00f6r\u00fc\u015fleriyle \u00e7er\u00e7evelenen advent kutsal metinleri, dirili\u015f ve \u0130ncil'deki magilerin yolculu\u011fu \u00fczerine g\u00fcnl\u00fck yans\u0131malarla ili\u015fkilendiren inanc\u0131n pratik bir uzant\u0131s\u0131 olarak g\u00f6r\u00fcyor; ailelerin manevi miraslar\u0131yla ba\u011flant\u0131 kurmalar\u0131 i\u00e7in basit ve somut bir yol sunuyor:<\/p>\n<ul>\n<li>Mesih'in vaadini i\u015faretleyin<\/li>\n<li>\u00d6nemli Advent ayetleri \u00fczerinde d\u00fc\u015f\u00fcn\u00fcn<\/li>\n<li>Dirili\u015fi kutlay\u0131n<\/li>\n<li>\u0130ncil'deki magilerin yolunu izleyin<\/li>\n<li>Papa I. Gregory'nin rehberli\u011fini hat\u0131rlay\u0131n<\/li>\n<\/ul>\n<h2>Advent Takvimi Hristiyan Beklentileri \u0130\u00e7in Bir Ara\u00e7t\u0131r<\/h2>\n<p>Bu b\u00f6l\u00fcm advent takviminin nas\u0131l sab\u0131rl\u0131 ve umutlu bir bekleyi\u015f yaratt\u0131\u011f\u0131n\u0131, g\u00fcnl\u00fck a\u00e7\u0131l\u0131mlar\u0131 adventus'un i\u00e7sel ruhuyla nas\u0131l harmanlad\u0131\u011f\u0131n\u0131 g\u00f6stermektedir. H\u0131ristiyan advent gelene\u011fine tam olarak uymakta, pentekost yans\u0131malar\u0131 ve ayin renkleri gibi ad\u0131mlar\u0131 \u0130sa'n\u0131n do\u011fu\u015funa ba\u011flamaktad\u0131r. G\u00fcnl\u00fck rit\u00fceller daha derin bir anlama i\u015faret ederek, anlaml\u0131 Noel haz\u0131rl\u0131\u011f\u0131n\u0131 net ve pratik bilgilerle g\u00fc\u00e7lendirir.<\/p>\n<figure><a href=\"https:\/\/lansbox.com\/tr\/custom-printed-boxes\/gift\/advent-calendar\/\"><img decoding=\"async\" src=\"https:\/\/lansbox.com\/wp-content\/uploads\/2025\/04\/64d46091-901c-4d01-a20f-8eee19c05d11.webp\" alt=\"Advent Takvimi Hristiyan Beklentileri \u0130\u00e7in Bir Ara\u00e7t\u0131r\" width=\"100%\" height=\"100%\" \/><\/a><\/figure>\n<p style=\"text-align: center;\"><a href=\"http:\/\/\/tr\/#popmake-904\"><u>LansBox'tan Teklif Al\u0131n<\/u><\/a><\/p>\n<h3>Takvim Sabr\u0131 ve Umutlu Bekleyi\u015fi Nas\u0131l Te\u015fvik Eder?<\/h3>\n<p>Takvim, inananlara istikrarl\u0131 bir geri say\u0131m boyunca rehberlik ederek, yava\u015flamalar\u0131na ve Kutsal Kitap'\u0131n bilgeli\u011fi, m\u00fcjde mesaj\u0131 ve hatta g\u00fcnah\u0131n tuzaklar\u0131 \u00fczerinde d\u00fc\u015f\u00fcnmelerine yard\u0131mc\u0131 oluyor - hepsi de k\u00f6kleri Almanya'ya dayanan geleneklere selam veriyor. Bu Hristiyan advent takvimi, sab\u0131rl\u0131 olmak ve Noel'i umutla beklemek i\u00e7in pratik ad\u0131mlar sunuyor:<\/p>\n<ul>\n<li>Kutsal Kitap ayetlerini payla\u015fan g\u00fcnl\u00fck a\u00e7\u0131l\u0131\u015flar<\/li>\n<li>\u00d6z fark\u0131ndal\u0131k prati\u011fi i\u00e7in basit hat\u0131rlatmalar<\/li>\n<li>\u0130ncil'in \u00e7a\u011fr\u0131s\u0131n\u0131 yank\u0131layan yumu\u015fak bir tempo<\/li>\n<\/ul>\n<h3>Daha Geni\u015f Hristiyan Advent Gelene\u011fi \u0130\u00e7indeki Yeri<\/h3>\n<p>Daha geni\u015f Hristiyan advent gelene\u011finde, advent takvimi inananlara g\u00fcnl\u00fck odaklanma ve ruhsal netlik getiren pratik bir ara\u00e7 olarak hizmet eder. Basit ve ilgi \u00e7ekici format\u0131yla dikkat \u00e7eken takvim, ailelere d\u00fc\u015f\u00fcnceli bir \u015fekilde rehberlik ederek Noel'e geri say\u0131m\u0131 hem anlaml\u0131 hem de eri\u015filebilir k\u0131l\u0131yor.<\/p>\n<h3>G\u00fcnl\u00fck A\u00e7\u0131l\u0131\u015flar\u0131 Advent Sezonunun Ruhani Anlam\u0131na Ba\u011flamak<\/h3>\n<p>Advent takvimi, inananlara mevsimin ger\u00e7ek ruhuyla senkronize olan nazik, g\u00fcnl\u00fck yans\u0131malar arac\u0131l\u0131\u011f\u0131yla rehberlik eder. Ailelerin her g\u00fcn\u00fcn a\u00e7\u0131l\u0131\u015f\u0131n\u0131 mevsimin sessiz bekleyi\u015finin ard\u0131ndaki derin anlamla ili\u015fkilendirmesine yard\u0131mc\u0131 olarak her an\u0131 inan\u00e7 ve amac\u0131n mini bir kutlamas\u0131 haline getirir:<\/p>\n<ul>\n<li>Taze bir ilham dozu sunan g\u00fcnl\u00fck Kutsal Kitap ayetleri<\/li>\n<li>Sabah sessizli\u011fini ate\u015flemek i\u00e7in basit dua yans\u0131malar\u0131<\/li>\n<li>Ki\u015fisel geli\u015fimi davet eden k\u0131sa, d\u00fc\u015f\u00fcnceli meydan okumalar<\/li>\n<\/ul>\n<h3>Noel Haz\u0131rl\u0131k D\u00f6neminin Dini Niteli\u011fini G\u00fc\u00e7lendirmek<\/h3>\n<p>Noel takvimi, ailelerin odak noktalar\u0131n\u0131 net ve kalplerini do\u011fru yerde tutmalar\u0131na yard\u0131mc\u0131 olur, her g\u00fcn\u00fc pratik bir inan\u00e7 hat\u0131rlatmas\u0131yla i\u015faretlerken Noel i\u00e7in heyecan yarat\u0131r. Uzmanlar, takvimin g\u00fcnl\u00fck a\u00e7\u0131l\u0131\u015flar\u0131n\u0131n derinlemesine d\u00fc\u015f\u00fcnmek i\u00e7in istikrarl\u0131 bir duraklama sundu\u011funu, ba\u011fl\u0131l\u0131\u011f\u0131 g\u00fc\u00e7lendirdi\u011fini ve inananlara tatil sezonu i\u00e7in sakin, anlaml\u0131 bir geri say\u0131mda rehberlik etti\u011fini belirtiyor.<\/p>\n<h2>Advent Takvimi Hangi Dine Aittir | SSSS\u0131k\u00e7a Sorulan Sorular<\/h2>\n<h3>Noel takviminin dini miras\u0131 nedir?<\/h3>\n<p>H\u0131ristiyan geleneklerine dayanan advent takvimi, \u0130sa'n\u0131n do\u011fumunun kutlanmas\u0131na kadar ge\u00e7en mevsime ili\u015fkin g\u00fcnl\u00fck d\u00fc\u015f\u00fcncelerle Noel'e geri say\u0131m\u0131 i\u015faret etmektedir.<\/p>\n<h3>Katolik uygulamas\u0131nda Advent nas\u0131l kutlan\u0131r?<\/h3>\n<p>Katolik inanc\u0131na g\u00f6re Advent, kalpleri Mesih'in do\u011fumuna haz\u0131rlarken dikkatli bir \u015fekilde d\u00fc\u015f\u00fcnme, dua etme ve oru\u00e7 tutma mevsimi olarak g\u00f6zlemlenir.<\/p>\n<h3>Geleneksel bir Katolik advent takvimini benzersiz k\u0131lan nedir?<\/h3>\n<p>Geleneksel bir Katolik advent takvimi, zaman\u0131n rit\u00fcellerini anlaml\u0131 sembollerle harmanlar. Mevsimin merkezinde yer alan inan\u00e7, s\u0131cakl\u0131k ve umudu vurgulayan dualar, simgeler ve d\u00fc\u015f\u00fcnceler kullanarak Noel'e geri say\u0131m\u0131 i\u015faret eder.<\/p>\n<h3>Katolikler Advent takvimlerini aile ya\u015fam\u0131nda nas\u0131l kullan\u0131rlar?<\/h3>\n<p>Katolikler Noel'e geri say\u0131m yapmak i\u00e7in Advent takvimlerini kullan\u0131r ve sezon boyunca aile toplant\u0131lar\u0131n\u0131 ve g\u00fcnl\u00fck d\u00fc\u015f\u00fcnme, dua ve payla\u015f\u0131lan sevin\u00e7 anlar\u0131n\u0131 ate\u015fler.<\/p>\n<h3>Anlaml\u0131 bir Katolik Advent takvimi olu\u015fturulabilir mi?<\/h3>\n<p>Evet, gelene\u011fi g\u00fcncelleyen anlaml\u0131 bir Katolik Advent takvimi haz\u0131rlamak m\u00fcmk\u00fcn. \u00d6zel dualar, hikayeler ve sanat eserleri ekleyerek bu \u00f6zel mevsimde d\u00fc\u015f\u00fcnmeyi ve kutlamay\u0131 tetikleyebilirsiniz.<\/p>","protected":false},"excerpt":{"rendered":"<p>Hristiyanl\u0131kta Advent Takvimi'nin ard\u0131ndaki anlam\u0131 ortaya \u00e7\u0131kar\u0131n. Advent mevsimini inan\u00e7, gelenek ve ne\u015fe ile nas\u0131l zenginle\u015ftirdi\u011fini \u00f6\u011frenin.<\/p>","protected":false},"author":1,"featured_media":2014100,"comment_status":"closed","ping_status":"open","sticky":false,"template":"","format":"standard","meta":{"site-sidebar-layout":"default","site-content-layout":"","ast-site-content-layout":"default","site-content-style":"default","site-sidebar-style":"default","ast-global-header-display":"","ast-banner-title-visibility":"","ast-main-header-display":"","ast-hfb-above-header-display":"","ast-hfb-below-header-display":"","ast-hfb-mobile-header-display":"","site-post-title":"","ast-breadcrumbs-content":"","ast-featured-img":"","footer-sml-layout":"","theme-transparent-header-meta":"","adv-header-id-meta":"","stick-header-meta":"","header-above-stick-meta":"","header-main-stick-meta":"","header-below-stick-meta":"","astra-migrate-meta-layouts":"set","ast-page-background-enabled":"default","ast-page-background-meta":{"desktop":{"background-color":"","background-image":"","background-repeat":"repeat","background-position":"center center","background-size":"auto","background-attachment":"scroll","background-type":"","background-media":"","overlay-type":"","overlay-color":"","overlay-gradient":""},"tablet":{"background-color":"","background-image":"","background-repeat":"repeat","background-position":"center center","background-size":"auto","background-attachment":"scroll","background-type":"","background-media":"","overlay-type":"","overlay-color":"","overlay-gradient":""},"mobile":{"background-color":"","background-image":"","background-repeat":"repeat","background-position":"center center","background-size":"auto","background-attachment":"scroll","background-type":"","background-media":"","overlay-type":"","overlay-color":"","overlay-gradient":""}},"ast-content-background-meta":{"desktop":{"background-color":"var(--ast-global-color-5)","background-image":"","background-repeat":"repeat","background-position":"center center","background-size":"auto","background-attachment":"scroll","background-type":"","background-media":"","overlay-type":"","overlay-color":"","overlay-gradient":""},"tablet":{"background-color":"var(--ast-global-color-5)","background-image":"","background-repeat":"repeat","background-position":"center center","background-size":"auto","background-attachment":"scroll","background-type":"","background-media":"","overlay-type":"","overlay-color":"","overlay-gradient":""},"mobile":{"background-color":"var(--ast-global-color-5)","background-image":"","background-repeat":"repeat","background-position":"center center","background-size":"auto","background-attachment":"scroll","background-type":"","background-media":"","overlay-type":"","overlay-color":"","overlay-gradient":""}},"_metasync_otto_title":"","_metasync_otto_description":"","_metasync_otto_keywords":"","_metasync_otto_og_title":"","_metasync_otto_og_description":"","_metasync_otto_twitter_title":"","_metasync_otto_twitter_description":"","rank_math_title":"","rank_math_description":"","_yoast_wpseo_title":"","_yoast_wpseo_metadesc":"","_aioseo_title":"","_aioseo_description":"","_metasync_seo_title":"","_metasync_seo_desc":"","_metasync_breadcrumb_title":"","_metasync_primary_category":0,"_metasync_primary_product_cat":0,"_metasync_otto_disabled":"","_metasync_hreflang":"","footnotes":""},"categories":[1],"tags":[],"class_list":["post-2014019","post","type-post","status-publish","format-standard","has-post-thumbnail","hentry","category-blog"],"_links":{"self":[{"href":"https:\/\/lansbox.com\/tr\/wp-json\/wp\/v2\/posts\/2014019","targetHints":{"allow":["GET"]}}],"collection":[{"href":"https:\/\/lansbox.com\/tr\/wp-json\/wp\/v2\/posts"}],"about":[{"href":"https:\/\/lansbox.com\/tr\/wp-json\/wp\/v2\/types\/post"}],"author":[{"embeddable":true,"href":"https:\/\/lansbox.com\/tr\/wp-json\/wp\/v2\/users\/1"}],"replies":[{"embeddable":true,"href":"https:\/\/lansbox.com\/tr\/wp-json\/wp\/v2\/comments?post=2014019"}],"version-history":[{"count":2,"href":"https:\/\/lansbox.com\/tr\/wp-json\/wp\/v2\/posts\/2014019\/revisions"}],"predecessor-version":[{"id":2014101,"href":"https:\/\/lansbox.com\/tr\/wp-json\/wp\/v2\/posts\/2014019\/revisions\/2014101"}],"wp:featuredmedia":[{"embeddable":true,"href":"https:\/\/lansbox.com\/tr\/wp-json\/wp\/v2\/media\/2014100"}],"wp:attachment":[{"href":"https:\/\/lansbox.com\/tr\/wp-json\/wp\/v2\/media?parent=2014019"}],"wp:term":[{"taxonomy":"category","embeddable":true,"href":"https:\/\/lansbox.com\/tr\/wp-json\/wp\/v2\/categories?post=2014019"},{"taxonomy":"post_tag","embeddable":true,"href":"https:\/\/lansbox.com\/tr\/wp-json\/wp\/v2\/tags?post=2014019"}],"curies":[{"name":"wp","href":"https:\/\/api.w.org\/{rel}","templated":true}]}}